{"id":385,"date":"2018-04-27T22:03:03","date_gmt":"2018-04-27T20:03:03","guid":{"rendered":"https:\/\/kosma.pl\/stereotyp\/?p=385"},"modified":"2018-04-27T22:08:40","modified_gmt":"2018-04-27T20:08:40","slug":"co-by-bylo-gdyby","status":"publish","type":"post","link":"https:\/\/kosma.pl\/stereotyp\/2018\/04\/27\/co-by-bylo-gdyby\/","title":{"rendered":"Co by by\u0142o, gdyby&#8230;"},"content":{"rendered":"<p><a href=\"https:\/\/kosma.pl\/stereotyp\/wp-content\/uploads\/2018\/04\/2016-03-A-33.jpg\" data-rel=\"lightbox-image-0\" data-rl_title=\"\" data-rl_caption=\"\" title=\"\"><img loading=\"lazy\" decoding=\"async\" src=\"https:\/\/kosma.pl\/stereotyp\/wp-content\/uploads\/2018\/04\/2016-03-A-33-720x477.jpg\" alt=\"\" width=\"720\" height=\"477\" class=\"aligncenter size-medium wp-image-407\" srcset=\"https:\/\/kosma.pl\/stereotyp\/wp-content\/uploads\/2018\/04\/2016-03-A-33-720x477.jpg 720w, https:\/\/kosma.pl\/stereotyp\/wp-content\/uploads\/2018\/04\/2016-03-A-33-768x509.jpg 768w, https:\/\/kosma.pl\/stereotyp\/wp-content\/uploads\/2018\/04\/2016-03-A-33-1024x678.jpg 1024w, https:\/\/kosma.pl\/stereotyp\/wp-content\/uploads\/2018\/04\/2016-03-A-33.jpg 2048w\" sizes=\"auto, (max-width: 720px) 100vw, 720px\" \/><\/a><\/p>\n<p>&#8230;cukrzyc\u0119 diagnozowano i traktowano tak, jak autyzm?<\/p>\n<p style=\"text-align: center;\">* * *<\/p>\n<p><i>&#8222;Nie wygl\u0105dasz na cukrzyka. Cz\u0142owiek z cukrzyc\u0105 jest gruby, a ty jeste\u015b chudy.&#8221;<\/i><\/p>\n<p><i>&#8222;Nie mo\u017ce pan mie\u0107 cukrzycy&#8230; cukrzycy nie jedz\u0105 baton\u00f3w, a pan zjad\u0142, widzia\u0142em na w\u0142asne oczy.&#8221;<\/i><\/p>\n<p><i>&#8222;Co to za cukrzyca, jak kto\u015b mo\u017ce je\u015b\u0107 s\u0142odycze?! MOJE DZIECKO to ma cukrzyc\u0119, co troch\u0119 musimy wzywa\u0107 pogotowie! TO jest cukrzyca, a nie ta wasza wysokofunkcjonuj\u0105ca hipoglikemia, przy kt\u00f3rej nawet nie tracicie przytomno\u015bci!<\/i><\/p>\n<p><i>&#8222;Kiedy\u015b nie by\u0142o cukrzycy, a ludzie jako\u015b \u017cyli i nikt nie pilnowa\u0142 poziomu cukru.&#8221;<\/i><\/p>\n<p><i>&#8222;Teraz jest moda na to, \u017ceby mie\u0107 co\u015b nie tak z metabolizmem.&#8221;<\/i><\/p>\n<p><i>&#8222;Wszyscy troch\u0119 maj\u0105 cukrzyc\u0119, prawda? \u015awiat dzieli si\u0119 na cukrzyk\u00f3w i na niezdiagnozowanych.&#8221;<\/i><\/p>\n<p><i>&#8222;Ja bym to dziecko b\u0142yskawicznie wyleczy\u0142a. Pasem.&#8221;<\/i><\/p>\n<p><i>&#8222;Hiperglikemia to piku\u015b w por\u00f3wnaniu do hipoglikemii. Jeste\u015b wysokofunkcjonuj\u0105cy, wi\u0119c nie wiesz, o czym m\u00f3wisz.&#8221;<\/i><\/p>\n<p><i>&#8222;Cukrzyc\u0119 da si\u0119 wyleczy\u0107! M\u00f3zg to drugie jelita! S\u0105 specjalne \u0107wiczenia na m\u00f3zg, kt\u00f3re lecz\u0105 cukrzyc\u0119, dzieci zdrowiej\u0105!&#8221;<\/i><\/p>\n<p><i>&#8222;My stosujemy diet\u0119 3x bez na cukrzyc\u0119. Wyeliminowali\u015bmy ksi\u0105\u017cki, rower i zabaw\u0119 z psem, jest ogromna poprawa.&#8221;<\/i><\/p>\n<p><i>&#8222;Terapia behawioralna jest jedynym udowodnionym naukowo sposobem terapii cukrzycy. Opieramy si\u0119 na wygaszaniu zachowa\u0144 trudnych spowodowanych zbyt du\u017cym lub ma\u0142ym poziomem cukru we krwi, a tak\u017ce nagradzaniem u dziecka takich zachowa\u0144, kt\u00f3re prowadz\u0105 do uzyskania poziomu cukru w normie. Zachowania te nagradzamy cukierkami.&#8221;<\/i><\/p>\n<p style=\"text-align: center;\">* * *<\/p>\n<p>PS. Wszelka niedok\u0142adno\u015b\u0107 naukowo-medyczna w tek\u015bcie jest intencjonaln\u0105 ignorancj\u0105 &#8211; w ko\u0144cu ja wiem lepiej od Was, bo udzielam Wam rad w internecie. ;)<\/p>\n","protected":false},"excerpt":{"rendered":"<p> &#8230;cukrzyc\u0119 diagnozowano i traktowano tak, jak autyzm? * * * &#8222;Nie wygl\u0105dasz na cukrzyka. Cz\u0142owiek z cukrzyc\u0105 jest gruby, a ty jeste\u015b chudy.&#8221; &#8222;Nie mo\u017ce pan mie\u0107 cukrzycy&#8230; cukrzycy nie jedz\u0105 baton\u00f3w, a pan zjad\u0142, widzia\u0142em na w\u0142asne oczy.&#8221; &#8222;Co to za cukrzyca, jak kto\u015b mo\u017ce je\u015b\u0107 s\u0142odycze?! MOJE DZIECKO to ma cukrzyc\u0119, co troch\u0119 &#8230; <a class=\"read-more more-link\" href=\"https:\/\/kosma.pl\/stereotyp\/2018\/04\/27\/co-by-bylo-gdyby\/\">Read more &raquo;<\/a><\/p>","protected":false},"author":1,"featured_media":0,"comment_status":"open","ping_status":"open","sticky":false,"template":"","format":"standard","meta":{"footnotes":""},"categories":[1],"tags":[],"class_list":["post-385","post","type-post","status-publish","format-standard","hentry","category-dzienniki"],"yoast_head":"<!-- This site is optimized with the Yoast SEO plugin v22.0 - https:\/\/yoast.com\/wordpress\/plugins\/seo\/ -->\n<title>Co by by\u0142o, gdyby... &#8212; Stereotyp.<\/title>\n<meta name=\"robots\" content=\"index, follow, max-snippet:-1, max-image-preview:large, max-video-preview:-1\" \/>\n<link rel=\"canonical\" href=\"https:\/\/kosma.pl\/stereotyp\/2018\/04\/27\/co-by-bylo-gdyby\/\" \/>\n<meta property=\"og:locale\" content=\"pl_PL\" \/>\n<meta property=\"og:type\" content=\"article\" \/>\n<meta property=\"og:title\" content=\"Co by by\u0142o, gdyby... &#8212; Stereotyp.\" \/>\n<meta property=\"og:description\" content=\"&#8230;cukrzyc\u0119 diagnozowano i traktowano tak, jak autyzm? * * * &#8222;Nie wygl\u0105dasz na cukrzyka. Cz\u0142owiek z cukrzyc\u0105 jest gruby, a ty jeste\u015b chudy.&#8221; &#8222;Nie mo\u017ce pan mie\u0107 cukrzycy&#8230; cukrzycy nie jedz\u0105 baton\u00f3w, a pan zjad\u0142, widzia\u0142em na w\u0142asne oczy.&#8221; &#8222;Co to za cukrzyca, jak kto\u015b mo\u017ce je\u015b\u0107 s\u0142odycze?! MOJE DZIECKO to ma cukrzyc\u0119, co troch\u0119 ...\" \/>\n<meta property=\"og:url\" content=\"https:\/\/kosma.pl\/stereotyp\/2018\/04\/27\/co-by-bylo-gdyby\/\" \/>\n<meta property=\"og:site_name\" content=\"Stereotyp.\" \/>\n<meta property=\"article:publisher\" content=\"https:\/\/www.facebook.com\/stereotyp\" \/>\n<meta property=\"article:published_time\" content=\"2018-04-27T20:03:03+00:00\" \/>\n<meta property=\"article:modified_time\" content=\"2018-04-27T20:08:40+00:00\" \/>\n<meta property=\"og:image\" content=\"https:\/\/kosma.pl\/stereotyp\/wp-content\/uploads\/2018\/04\/2016-03-A-33-720x477.jpg\" \/>\n<meta name=\"author\" content=\"Kosma Moczek\" \/>\n<meta name=\"twitter:card\" content=\"summary_large_image\" \/>\n<meta name=\"twitter:label1\" content=\"Napisane przez\" \/>\n\t<meta name=\"twitter:data1\" content=\"Kosma Moczek\" \/>\n\t<meta name=\"twitter:label2\" content=\"Szacowany czas czytania\" \/>\n\t<meta name=\"twitter:data2\" content=\"1 minuta\" \/>\n<script type=\"application\/ld+json\" class=\"yoast-schema-graph\">{\"@context\":\"https:\/\/schema.org\",\"@graph\":[{\"@type\":\"WebPage\",\"@id\":\"https:\/\/kosma.pl\/stereotyp\/2018\/04\/27\/co-by-bylo-gdyby\/\",\"url\":\"https:\/\/kosma.pl\/stereotyp\/2018\/04\/27\/co-by-bylo-gdyby\/\",\"name\":\"Co by by\u0142o, gdyby... &#8212; Stereotyp.\",\"isPartOf\":{\"@id\":\"https:\/\/kosma.pl\/stereotyp\/#website\"},\"datePublished\":\"2018-04-27T20:03:03+00:00\",\"dateModified\":\"2018-04-27T20:08:40+00:00\",\"author\":{\"@id\":\"https:\/\/kosma.pl\/stereotyp\/#\/schema\/person\/2940ab34e84101e5a1041dd3c1dc7e83\"},\"breadcrumb\":{\"@id\":\"https:\/\/kosma.pl\/stereotyp\/2018\/04\/27\/co-by-bylo-gdyby\/#breadcrumb\"},\"inLanguage\":\"pl-PL\",\"potentialAction\":[{\"@type\":\"ReadAction\",\"target\":[\"https:\/\/kosma.pl\/stereotyp\/2018\/04\/27\/co-by-bylo-gdyby\/\"]}]},{\"@type\":\"BreadcrumbList\",\"@id\":\"https:\/\/kosma.pl\/stereotyp\/2018\/04\/27\/co-by-bylo-gdyby\/#breadcrumb\",\"itemListElement\":[{\"@type\":\"ListItem\",\"position\":1,\"name\":\"Strona g\u0142\u00f3wna\",\"item\":\"https:\/\/kosma.pl\/stereotyp\/\"},{\"@type\":\"ListItem\",\"position\":2,\"name\":\"Co by by\u0142o, gdyby&#8230;\"}]},{\"@type\":\"WebSite\",\"@id\":\"https:\/\/kosma.pl\/stereotyp\/#website\",\"url\":\"https:\/\/kosma.pl\/stereotyp\/\",\"name\":\"Stereotyp.\",\"description\":\"\",\"potentialAction\":[{\"@type\":\"SearchAction\",\"target\":{\"@type\":\"EntryPoint\",\"urlTemplate\":\"https:\/\/kosma.pl\/stereotyp\/?s={search_term_string}\"},\"query-input\":\"required name=search_term_string\"}],\"inLanguage\":\"pl-PL\"},{\"@type\":\"Person\",\"@id\":\"https:\/\/kosma.pl\/stereotyp\/#\/schema\/person\/2940ab34e84101e5a1041dd3c1dc7e83\",\"name\":\"Kosma Moczek\",\"image\":{\"@type\":\"ImageObject\",\"inLanguage\":\"pl-PL\",\"@id\":\"https:\/\/kosma.pl\/stereotyp\/#\/schema\/person\/image\/\",\"url\":\"https:\/\/secure.gravatar.com\/avatar\/a833c3781ab10f5c4b85c48cf3e3057d0c220982aff5588f057f3845c5b794b9?s=96&d=identicon&r=g\",\"contentUrl\":\"https:\/\/secure.gravatar.com\/avatar\/a833c3781ab10f5c4b85c48cf3e3057d0c220982aff5588f057f3845c5b794b9?s=96&d=identicon&r=g\",\"caption\":\"Kosma Moczek\"},\"sameAs\":[\"https:\/\/kosma.pl\/\"]}]}<\/script>\n<!-- \/ Yoast SEO plugin. -->","yoast_head_json":{"title":"Co by by\u0142o, gdyby... &#8212; Stereotyp.","robots":{"index":"index","follow":"follow","max-snippet":"max-snippet:-1","max-image-preview":"max-image-preview:large","max-video-preview":"max-video-preview:-1"},"canonical":"https:\/\/kosma.pl\/stereotyp\/2018\/04\/27\/co-by-bylo-gdyby\/","og_locale":"pl_PL","og_type":"article","og_title":"Co by by\u0142o, gdyby... &#8212; Stereotyp.","og_description":"&#8230;cukrzyc\u0119 diagnozowano i traktowano tak, jak autyzm? * * * &#8222;Nie wygl\u0105dasz na cukrzyka. Cz\u0142owiek z cukrzyc\u0105 jest gruby, a ty jeste\u015b chudy.&#8221; &#8222;Nie mo\u017ce pan mie\u0107 cukrzycy&#8230; cukrzycy nie jedz\u0105 baton\u00f3w, a pan zjad\u0142, widzia\u0142em na w\u0142asne oczy.&#8221; &#8222;Co to za cukrzyca, jak kto\u015b mo\u017ce je\u015b\u0107 s\u0142odycze?! MOJE DZIECKO to ma cukrzyc\u0119, co troch\u0119 ...","og_url":"https:\/\/kosma.pl\/stereotyp\/2018\/04\/27\/co-by-bylo-gdyby\/","og_site_name":"Stereotyp.","article_publisher":"https:\/\/www.facebook.com\/stereotyp","article_published_time":"2018-04-27T20:03:03+00:00","article_modified_time":"2018-04-27T20:08:40+00:00","og_image":[{"url":"https:\/\/kosma.pl\/stereotyp\/wp-content\/uploads\/2018\/04\/2016-03-A-33-720x477.jpg"}],"author":"Kosma Moczek","twitter_card":"summary_large_image","twitter_misc":{"Napisane przez":"Kosma Moczek","Szacowany czas czytania":"1 minuta"},"schema":{"@context":"https:\/\/schema.org","@graph":[{"@type":"WebPage","@id":"https:\/\/kosma.pl\/stereotyp\/2018\/04\/27\/co-by-bylo-gdyby\/","url":"https:\/\/kosma.pl\/stereotyp\/2018\/04\/27\/co-by-bylo-gdyby\/","name":"Co by by\u0142o, gdyby... &#8212; Stereotyp.","isPartOf":{"@id":"https:\/\/kosma.pl\/stereotyp\/#website"},"datePublished":"2018-04-27T20:03:03+00:00","dateModified":"2018-04-27T20:08:40+00:00","author":{"@id":"https:\/\/kosma.pl\/stereotyp\/#\/schema\/person\/2940ab34e84101e5a1041dd3c1dc7e83"},"breadcrumb":{"@id":"https:\/\/kosma.pl\/stereotyp\/2018\/04\/27\/co-by-bylo-gdyby\/#breadcrumb"},"inLanguage":"pl-PL","potentialAction":[{"@type":"ReadAction","target":["https:\/\/kosma.pl\/stereotyp\/2018\/04\/27\/co-by-bylo-gdyby\/"]}]},{"@type":"BreadcrumbList","@id":"https:\/\/kosma.pl\/stereotyp\/2018\/04\/27\/co-by-bylo-gdyby\/#breadcrumb","itemListElement":[{"@type":"ListItem","position":1,"name":"Strona g\u0142\u00f3wna","item":"https:\/\/kosma.pl\/stereotyp\/"},{"@type":"ListItem","position":2,"name":"Co by by\u0142o, gdyby&#8230;"}]},{"@type":"WebSite","@id":"https:\/\/kosma.pl\/stereotyp\/#website","url":"https:\/\/kosma.pl\/stereotyp\/","name":"Stereotyp.","description":"","potentialAction":[{"@type":"SearchAction","target":{"@type":"EntryPoint","urlTemplate":"https:\/\/kosma.pl\/stereotyp\/?s={search_term_string}"},"query-input":"required name=search_term_string"}],"inLanguage":"pl-PL"},{"@type":"Person","@id":"https:\/\/kosma.pl\/stereotyp\/#\/schema\/person\/2940ab34e84101e5a1041dd3c1dc7e83","name":"Kosma Moczek","image":{"@type":"ImageObject","inLanguage":"pl-PL","@id":"https:\/\/kosma.pl\/stereotyp\/#\/schema\/person\/image\/","url":"https:\/\/secure.gravatar.com\/avatar\/a833c3781ab10f5c4b85c48cf3e3057d0c220982aff5588f057f3845c5b794b9?s=96&d=identicon&r=g","contentUrl":"https:\/\/secure.gravatar.com\/avatar\/a833c3781ab10f5c4b85c48cf3e3057d0c220982aff5588f057f3845c5b794b9?s=96&d=identicon&r=g","caption":"Kosma Moczek"},"sameAs":["https:\/\/kosma.pl\/"]}]}},"_links":{"self":[{"href":"https:\/\/kosma.pl\/stereotyp\/wp-json\/wp\/v2\/posts\/385","targetHints":{"allow":["GET"]}}],"collection":[{"href":"https:\/\/kosma.pl\/stereotyp\/wp-json\/wp\/v2\/posts"}],"about":[{"href":"https:\/\/kosma.pl\/stereotyp\/wp-json\/wp\/v2\/types\/post"}],"author":[{"embeddable":true,"href":"https:\/\/kosma.pl\/stereotyp\/wp-json\/wp\/v2\/users\/1"}],"replies":[{"embeddable":true,"href":"https:\/\/kosma.pl\/stereotyp\/wp-json\/wp\/v2\/comments?post=385"}],"version-history":[{"count":21,"href":"https:\/\/kosma.pl\/stereotyp\/wp-json\/wp\/v2\/posts\/385\/revisions"}],"predecessor-version":[{"id":406,"href":"https:\/\/kosma.pl\/stereotyp\/wp-json\/wp\/v2\/posts\/385\/revisions\/406"}],"wp:attachment":[{"href":"https:\/\/kosma.pl\/stereotyp\/wp-json\/wp\/v2\/media?parent=385"}],"wp:term":[{"taxonomy":"category","embeddable":true,"href":"https:\/\/kosma.pl\/stereotyp\/wp-json\/wp\/v2\/categories?post=385"},{"taxonomy":"post_tag","embeddable":true,"href":"https:\/\/kosma.pl\/stereotyp\/wp-json\/wp\/v2\/tags?post=385"}],"curies":[{"name":"wp","href":"https:\/\/api.w.org\/{rel}","templated":true}]}}